{"id":1056,"date":"2013-04-15T10:49:22","date_gmt":"2013-04-15T13:49:22","guid":{"rendered":"http:\/\/www.sindsaudeba.org.br\/novo\/?p=1056"},"modified":"2019-12-13T18:00:27","modified_gmt":"2019-12-13T21:00:27","slug":"agenda-de-atividades-de-15-a-17-de-abril","status":"publish","type":"post","link":"https:\/\/sindsaudeba.org.br\/portal\/blog\/agenda-de-atividades-de-15-a-17-de-abril\/","title":{"rendered":"Agenda de atividades de 15 a 17 de abril"},"content":{"rendered":"<p><!--[if gte mso 9]&gt;--><\/p>\n<p>Normal<br \/>\n0<br \/>\n21<\/p>\n<p>false<br \/>\nfalse<br \/>\nfalse<\/p>\n<p>MicrosoftInternetExplorer4<\/p>\n<p><!--[if gte mso 9]&gt;--><\/p>\n<p><!--[if !mso]&gt;--><\/p>\n<p>st1\\:*{behavior:url(#ieooui) }<br \/>\n<!--[if gte mso 10]&gt;--><\/p>\n<p> \/* Style Definitions *\/<br \/>\n table.MsoNormalTable<br \/>\n\t{mso-style-name:&#8221;Tabela normal&#8221;;<br \/>\n\tmso-tstyle-rowband-size:0;<br \/>\n\tmso-tstyle-colband-size:0;<br \/>\n\tmso-style-noshow:yes;<br \/>\n\tmso-style-parent:&#8221;&#8221;;<br \/>\n\tmso-padding-alt:0cm 5.4pt 0cm 5.4pt;<br \/>\n\tmso-para-margin:0cm;<br \/>\n\tmso-para-margin-bottom:.0001pt;<br \/>\n\tmso-pagination:widow-orphan;<br \/>\n\tfont-size:10.0pt;<br \/>\n\tfont-family:&#8221;Times New Roman&#8221;;<br \/>\n\tmso-ansi-language:#0400;<br \/>\n\tmso-fareast-language:#0400;<br \/>\n\tmso-bidi-language:#0400;}<\/p>\n<p class=\"MsoNormal\">15\/ 04 &#8211; Reuni\u00e3o em Am\u00e9lia Rodrigues para discutir o PCCV na C\u00e2mara de Vereadores \u2013 9h<\/p>\n<p class=\"MsoNormal\">15\/04 &#8211; Reuni\u00e3o na Procuradoria Geral do Estado com Dr. Rui \u2013 11h<\/p>\n<p class=\"MsoNormal\">16\/04- Audi\u00eancia p\u00fablica para debater \u201cAten\u00e7\u00e3o B\u00e1sica\u201d no Minist\u00e9rio P\u00fablico \u2013 9h<\/p>\n<p class=\"MsoNormal\">17\/04 &#8211; Mobiliza\u00e7\u00e3o em Feira de Santana contra privatiza\u00e7\u00e3o do Cl\u00e9riston Andrade &#8211; a partir das 9h<\/p>\n<p class=\"MsoNormal\">17\/04 &#8211; Movimento dos concursados do PSF (Orla\/Jardim de Alah) \u2013<\/p>\n<p class=\"MsoNormal\">19\/04 \u2013 Audi\u00eancia em Cama\u00e7ari com sec. De Sa\u00fade, Dr. Vidal \u2013 9h30<\/p>\n","protected":false},"excerpt":{"rendered":"<p>Normal 0 21 false false false MicrosoftInternetExplorer4 st1\\:*{behavior:url(#ieooui) } \/* Style Definitions *\/ table.MsoNormalTable {mso-style-name:&#8221;Tabela normal&#8221;; mso-tstyle-rowband-size:0; mso-tstyle-colband-size:0; mso-style-noshow:yes; mso-style-parent:&#8221;&#8221;; mso-padding-alt:0cm 5.4pt 0cm 5.4pt; mso-para-margin:0cm; mso-para-margin-bottom:.0001pt; mso-pagination:widow-orphan; font-size:10.0pt; font-family:&#8221;Times New Roman&#8221;; mso-ansi-language:#0400; mso-fareast-language:#0400; mso-bidi-language:#0400;} 15\/ 04 &#8211; Reuni\u00e3o em Am\u00e9lia Rodrigues para discutir o PCCV&#8230;<\/p>\n","protected":false},"author":2,"featured_media":1057,"comment_status":"open","ping_status":"open","sticky":false,"template":"","format":"standard","meta":[],"categories":[11],"tags":[],"amp_validity":null,"amp_enabled":true,"_links":{"self":[{"href":"https:\/\/sindsaudeba.org.br\/portal\/wp-json\/wp\/v2\/posts\/1056"}],"collection":[{"href":"https:\/\/sindsaudeba.org.br\/portal\/wp-json\/wp\/v2\/posts"}],"about":[{"href":"https:\/\/sindsaudeba.org.br\/portal\/wp-json\/wp\/v2\/types\/post"}],"author":[{"embeddable":true,"href":"https:\/\/sindsaudeba.org.br\/portal\/wp-json\/wp\/v2\/users\/2"}],"replies":[{"embeddable":true,"href":"https:\/\/sindsaudeba.org.br\/portal\/wp-json\/wp\/v2\/comments?post=1056"}],"version-history":[{"count":1,"href":"https:\/\/sindsaudeba.org.br\/portal\/wp-json\/wp\/v2\/posts\/1056\/revisions"}],"predecessor-version":[{"id":14547,"href":"https:\/\/sindsaudeba.org.br\/portal\/wp-json\/wp\/v2\/posts\/1056\/revisions\/14547"}],"wp:featuredmedia":[{"embeddable":true,"href":"https:\/\/sindsaudeba.org.br\/portal\/wp-json\/wp\/v2\/media\/1057"}],"wp:attachment":[{"href":"https:\/\/sindsaudeba.org.br\/portal\/wp-json\/wp\/v2\/media?parent=1056"}],"wp:term":[{"taxonomy":"category","embeddable":true,"href":"https:\/\/sindsaudeba.org.br\/portal\/wp-json\/wp\/v2\/categories?post=1056"},{"taxonomy":"post_tag","embeddable":true,"href":"https:\/\/sindsaudeba.org.br\/portal\/wp-json\/wp\/v2\/tags?post=1056"}],"curies":[{"name":"wp","href":"https:\/\/api.w.org\/{rel}","templated":true}]}}