{"id":1051,"date":"2013-04-12T12:31:09","date_gmt":"2013-04-12T15:31:09","guid":{"rendered":"http:\/\/www.sindsaudeba.org.br\/novo\/?p=1051"},"modified":"2019-12-13T18:00:27","modified_gmt":"2019-12-13T21:00:27","slug":"cartao-de-ponto-e-debatido-com-servidores-do-hospital-juliano-moreira-e-iperba","status":"publish","type":"post","link":"https:\/\/sindsaudeba.org.br\/portal\/blog\/cartao-de-ponto-e-debatido-com-servidores-do-hospital-juliano-moreira-e-iperba\/","title":{"rendered":"Cart\u00e3o de ponto \u00e9 debatido com servidores do Hospital Juliano Moreira e Iperba"},"content":{"rendered":"<p>Em mais uma reuni\u00e3o realizada no Hospital Juliano Moreira, servidores e o Sindsa\u00fade discutiram a implanta\u00e7\u00e3o do cart\u00e3o de ponto na unidade, na quinta-feira (11\/04). Diante da falta de di\u00e1logo por parte da Sesab, os trabalhadores decidiram acatar a proposta do sindicato de unificar as discuss\u00f5es do registro eletr\u00f4nico com as demais unidades de sa\u00fade na pr\u00f3xima assembleia geral da categoria, que ser\u00e1 realizada no pr\u00f3ximo dia 25.<br \/>\nO Sindsa\u00fade encaminhou of\u00edcio solicitando a presen\u00e7a da Sesab para esclarecer as d\u00favidas dos servidores no dia 25 de fevereiro, mas at\u00e9 agora nenhum representante do governo esteve na unidade. Durante a reuni\u00e3o, os servidores do Hospital Juliano Moreira aproveitaram para tirar d\u00favidas sobre a instru\u00e7\u00e3o normativa que foi implantada com o novo cart\u00e3o eletr\u00f4nico, demonstrando insatisfa\u00e7\u00e3o com o novo sistema.<br \/>\nA presidente do Sindsa\u00fade-Ba, Inalba Fontenelle, voltou a reafirmar que os trabalhadores da sa\u00fade n\u00e3o s\u00e3o contra o cart\u00e3o de ponto. Ela explicou que o impasse diz respeito \u00e0 instru\u00e7\u00e3o normativa que n\u00e3o atende as necessidades espec\u00edficas de cada unidade de sa\u00fade.<br \/>\n&nbsp;<br \/>\nIperba<br \/>\n&nbsp;<br \/>\nNa quinta-feira \u00e0 tarde, outra reuni\u00e3o foi realizada no Iperba para discutir a implanta\u00e7\u00e3o do ponto eletr\u00f4nico. Os servidores da unidade tamb\u00e9m acataram a sugest\u00e3o do Sindsa\u00fade para unificar as discuss\u00f5es do registro eletr\u00f4nico com as demais unidades de sa\u00fade na pr\u00f3xima assembleia geral da categoria.<\/p>\n","protected":false},"excerpt":{"rendered":"<p>Em mais uma reuni\u00e3o realizada no Hospital Juliano Moreira, servidores e o Sindsa\u00fade discutiram a implanta\u00e7\u00e3o do cart\u00e3o de ponto na unidade, na quinta-feira (11\/04). Diante da falta de di\u00e1logo por parte da Sesab, os trabalhadores decidiram acatar a proposta do sindicato de unificar as&#8230;<\/p>\n","protected":false},"author":2,"featured_media":1052,"comment_status":"open","ping_status":"open","sticky":false,"template":"","format":"standard","meta":[],"categories":[8],"tags":[],"amp_validity":null,"amp_enabled":true,"_links":{"self":[{"href":"https:\/\/sindsaudeba.org.br\/portal\/wp-json\/wp\/v2\/posts\/1051"}],"collection":[{"href":"https:\/\/sindsaudeba.org.br\/portal\/wp-json\/wp\/v2\/posts"}],"about":[{"href":"https:\/\/sindsaudeba.org.br\/portal\/wp-json\/wp\/v2\/types\/post"}],"author":[{"embeddable":true,"href":"https:\/\/sindsaudeba.org.br\/portal\/wp-json\/wp\/v2\/users\/2"}],"replies":[{"embeddable":true,"href":"https:\/\/sindsaudeba.org.br\/portal\/wp-json\/wp\/v2\/comments?post=1051"}],"version-history":[{"count":1,"href":"https:\/\/sindsaudeba.org.br\/portal\/wp-json\/wp\/v2\/posts\/1051\/revisions"}],"predecessor-version":[{"id":14548,"href":"https:\/\/sindsaudeba.org.br\/portal\/wp-json\/wp\/v2\/posts\/1051\/revisions\/14548"}],"wp:featuredmedia":[{"embeddable":true,"href":"https:\/\/sindsaudeba.org.br\/portal\/wp-json\/wp\/v2\/media\/1052"}],"wp:attachment":[{"href":"https:\/\/sindsaudeba.org.br\/portal\/wp-json\/wp\/v2\/media?parent=1051"}],"wp:term":[{"taxonomy":"category","embeddable":true,"href":"https:\/\/sindsaudeba.org.br\/portal\/wp-json\/wp\/v2\/categories?post=1051"},{"taxonomy":"post_tag","embeddable":true,"href":"https:\/\/sindsaudeba.org.br\/portal\/wp-json\/wp\/v2\/tags?post=1051"}],"curies":[{"name":"wp","href":"https:\/\/api.w.org\/{rel}","templated":true}]}}