{"id":1044,"date":"2013-04-10T13:04:58","date_gmt":"2013-04-10T16:04:58","guid":{"rendered":"http:\/\/www.sindsaudeba.org.br\/novo\/?p=1044"},"modified":"2019-12-13T18:00:27","modified_gmt":"2019-12-13T21:00:27","slug":"sindsaude-defende-gestao-compartilhada-de-hospital-em-reuniao-do-conselho-estadual-de-saude","status":"publish","type":"post","link":"https:\/\/sindsaudeba.org.br\/portal\/blog\/sindsaude-defende-gestao-compartilhada-de-hospital-em-reuniao-do-conselho-estadual-de-saude\/","title":{"rendered":"Sindsa\u00fade defende gest\u00e3o compartilhada de hospital  em reuni\u00e3o do Conselho Estadual de Sa\u00fade"},"content":{"rendered":"<p style=\"text-align: justify\"><a href=\"http:\/\/www.sindsaudeba.org.br\/novo\/wp-content\/uploads\/2013\/04\/Privatiza\u00e7\u00e3o-n\u00e3o1.jpg\"><img loading=\"lazy\" class=\"alignleft size-medium wp-image-1046\" title=\"Privatiza\u00e7\u00e3o, n\u00e3o!\" src=\"http:\/\/www.sindsaudeba.org.br\/novo\/wp-content\/uploads\/2013\/04\/Privatiza\u00e7\u00e3o-n\u00e3o1-300x231.jpg\" alt=\"\" width=\"300\" height=\"231\" \/><\/a>Contr\u00e1rio \u00e0 pol\u00edtica de privatiza\u00e7\u00e3o de hospitais da rede p\u00fablica estadual, o Sindsa\u00fade-Ba defender\u00e1, em reuni\u00e3o do Conselho Estadual de Sa\u00fade, quinta-feira (11) \u00e0 tarde na Assembleia Legislativa, a proposta de gest\u00e3o compartilhada do Hospital Geral Cl\u00e9riston Andrade, localizado em Feira de Santana. A solu\u00e7\u00e3o, apresentada na audi\u00eancia p\u00fablica realizada no munic\u00edpio, na semana passada, envolve governo, trabalhadores e importantes entidades de controle social com a gest\u00e3o da unidade, pelo prazo de um ano.<\/p>\n<p style=\"text-align: justify\">A inten\u00e7\u00e3o \u00e9 mostrar que \u00e9 vi\u00e1vel o funcionamento do hospital p\u00fablico, oferecendo condi\u00e7\u00f5es dignas tanto de trabalho quanto de atendimento ao p\u00fablico, sem a necessidade de entreg\u00e1-lo \u00e0 iniciativa privada. A Secretaria da Sa\u00fade (Sesab) iniciou o processo de privatiza\u00e7\u00e3o do Cl\u00e9riston Andrade, que \u00e9 uma unidade de refer\u00eancia para a regi\u00e3o, via gest\u00e3o por Organiza\u00e7\u00e3o Social (OS), desencadeando protestos de servidores e da comunidade.<\/p>\n<p style=\"text-align: justify\">O Sindsa\u00fade tamb\u00e9m cobrar\u00e1 da Sesab, na reuni\u00e3o do Conselho, a marca\u00e7\u00e3o de data para realiza\u00e7\u00e3o de semin\u00e1rio que discutir\u00e1 o modelo de gest\u00e3o que o Estado quer implantar no Cl\u00e9riston Andrade e tamb\u00e9m no Hospital Manoel Victorino, localizado em Salvador (Nazar\u00e9).<\/p>\n<p style=\"text-align: justify\">Al\u00e9m disso, a entidade vai denunciar e pedir provid\u00eancias da Sesab para a constante falta de medicamentos e insumos nos hospitais da rede estadual.<\/p>\n","protected":false},"excerpt":{"rendered":"<p>Contr\u00e1rio \u00e0 pol\u00edtica de privatiza\u00e7\u00e3o de hospitais da rede p\u00fablica estadual, o Sindsa\u00fade-Ba defender\u00e1, em reuni\u00e3o do Conselho Estadual de Sa\u00fade, quinta-feira (11) \u00e0 tarde na Assembleia Legislativa, a proposta de gest\u00e3o compartilhada do Hospital Geral Cl\u00e9riston Andrade, localizado em Feira de Santana. A solu\u00e7\u00e3o,&#8230;<\/p>\n","protected":false},"author":2,"featured_media":1045,"comment_status":"open","ping_status":"open","sticky":false,"template":"","format":"standard","meta":[],"categories":[7],"tags":[],"amp_validity":null,"amp_enabled":true,"_links":{"self":[{"href":"https:\/\/sindsaudeba.org.br\/portal\/wp-json\/wp\/v2\/posts\/1044"}],"collection":[{"href":"https:\/\/sindsaudeba.org.br\/portal\/wp-json\/wp\/v2\/posts"}],"about":[{"href":"https:\/\/sindsaudeba.org.br\/portal\/wp-json\/wp\/v2\/types\/post"}],"author":[{"embeddable":true,"href":"https:\/\/sindsaudeba.org.br\/portal\/wp-json\/wp\/v2\/users\/2"}],"replies":[{"embeddable":true,"href":"https:\/\/sindsaudeba.org.br\/portal\/wp-json\/wp\/v2\/comments?post=1044"}],"version-history":[{"count":1,"href":"https:\/\/sindsaudeba.org.br\/portal\/wp-json\/wp\/v2\/posts\/1044\/revisions"}],"predecessor-version":[{"id":14549,"href":"https:\/\/sindsaudeba.org.br\/portal\/wp-json\/wp\/v2\/posts\/1044\/revisions\/14549"}],"wp:featuredmedia":[{"embeddable":true,"href":"https:\/\/sindsaudeba.org.br\/portal\/wp-json\/wp\/v2\/media\/1045"}],"wp:attachment":[{"href":"https:\/\/sindsaudeba.org.br\/portal\/wp-json\/wp\/v2\/media?parent=1044"}],"wp:term":[{"taxonomy":"category","embeddable":true,"href":"https:\/\/sindsaudeba.org.br\/portal\/wp-json\/wp\/v2\/categories?post=1044"},{"taxonomy":"post_tag","embeddable":true,"href":"https:\/\/sindsaudeba.org.br\/portal\/wp-json\/wp\/v2\/tags?post=1044"}],"curies":[{"name":"wp","href":"https:\/\/api.w.org\/{rel}","templated":true}]}}