{"id":1031,"date":"2013-04-10T09:36:35","date_gmt":"2013-04-10T12:36:35","guid":{"rendered":"http:\/\/www.sindsaudeba.org.br\/novo\/?p=1031"},"modified":"2019-12-13T18:00:27","modified_gmt":"2019-12-13T21:00:27","slug":"convocacao-reuniao-do-cms-para-discutir-situacao-dos-servidores-demitidos-do-psf","status":"publish","type":"post","link":"https:\/\/sindsaudeba.org.br\/portal\/blog\/convocacao-reuniao-do-cms-para-discutir-situacao-dos-servidores-demitidos-do-psf\/","title":{"rendered":"Convoca\u00e7\u00e3o: Reuni\u00e3o do  CMS para discutir situa\u00e7\u00e3o dos Servidores demitidos do PSF"},"content":{"rendered":"<p>O Sindsa\u00fade-Ba convoca os servidores demitidos do Programa Sa\u00fade da Fam\u00edlia (PSF) para reuni\u00e3o do Conselho Municipal de Sa\u00fade (CMS), que ser\u00e1 realizada na sede da secretaria municipal da Sa\u00fade, 8\u00ba andar, no Com\u00e9rcio, nesta quarta-feira,\u00e0s 14h. O objetivo da reuni\u00e3o \u00e9 deliberar as pr\u00f3ximas atividades do movimento.<br \/>\nNa \u00faltima segunda-feira (8), o sindicato esteve na sede do Minist\u00e9rio P\u00fablico do Trabalho para denunciar a situa\u00e7\u00e3o dos trabalhadores que n\u00e3o est\u00e3o seus direitos trabalhistas assegurados.<br \/>\n&nbsp;<\/p>\n","protected":false},"excerpt":{"rendered":"<p>O Sindsa\u00fade-Ba convoca os servidores demitidos do Programa Sa\u00fade da Fam\u00edlia (PSF) para reuni\u00e3o do Conselho Municipal de Sa\u00fade (CMS), que ser\u00e1 realizada na sede da secretaria municipal da Sa\u00fade, 8\u00ba andar, no Com\u00e9rcio, nesta quarta-feira,\u00e0s 14h. O objetivo da reuni\u00e3o \u00e9 deliberar as pr\u00f3ximas&#8230;<\/p>\n","protected":false},"author":2,"featured_media":1033,"comment_status":"open","ping_status":"open","sticky":false,"template":"","format":"standard","meta":[],"categories":[11],"tags":[],"amp_validity":null,"amp_enabled":true,"_links":{"self":[{"href":"https:\/\/sindsaudeba.org.br\/portal\/wp-json\/wp\/v2\/posts\/1031"}],"collection":[{"href":"https:\/\/sindsaudeba.org.br\/portal\/wp-json\/wp\/v2\/posts"}],"about":[{"href":"https:\/\/sindsaudeba.org.br\/portal\/wp-json\/wp\/v2\/types\/post"}],"author":[{"embeddable":true,"href":"https:\/\/sindsaudeba.org.br\/portal\/wp-json\/wp\/v2\/users\/2"}],"replies":[{"embeddable":true,"href":"https:\/\/sindsaudeba.org.br\/portal\/wp-json\/wp\/v2\/comments?post=1031"}],"version-history":[{"count":1,"href":"https:\/\/sindsaudeba.org.br\/portal\/wp-json\/wp\/v2\/posts\/1031\/revisions"}],"predecessor-version":[{"id":14551,"href":"https:\/\/sindsaudeba.org.br\/portal\/wp-json\/wp\/v2\/posts\/1031\/revisions\/14551"}],"wp:featuredmedia":[{"embeddable":true,"href":"https:\/\/sindsaudeba.org.br\/portal\/wp-json\/wp\/v2\/media\/1033"}],"wp:attachment":[{"href":"https:\/\/sindsaudeba.org.br\/portal\/wp-json\/wp\/v2\/media?parent=1031"}],"wp:term":[{"taxonomy":"category","embeddable":true,"href":"https:\/\/sindsaudeba.org.br\/portal\/wp-json\/wp\/v2\/categories?post=1031"},{"taxonomy":"post_tag","embeddable":true,"href":"https:\/\/sindsaudeba.org.br\/portal\/wp-json\/wp\/v2\/tags?post=1031"}],"curies":[{"name":"wp","href":"https:\/\/api.w.org\/{rel}","templated":true}]}}