{"id":1016,"date":"2013-04-05T11:07:25","date_gmt":"2013-04-05T14:07:25","guid":{"rendered":"http:\/\/www.sindsaudeba.org.br\/novo\/?p=1016"},"modified":"2019-12-13T18:00:27","modified_gmt":"2019-12-13T21:00:27","slug":"dia-mundial-da-saude-e-comemorado-por-servidores-do-hgca","status":"publish","type":"post","link":"https:\/\/sindsaudeba.org.br\/portal\/blog\/dia-mundial-da-saude-e-comemorado-por-servidores-do-hgca\/","title":{"rendered":"Dia Mundial da Sa\u00fade \u00e9 comemorado por servidores do HGCA"},"content":{"rendered":"<p><a href=\"http:\/\/www.sindsaudeba.org.br\/novo\/wp-content\/uploads\/2013\/04\/DSC_0391-1.jpg\"><img loading=\"lazy\" class=\"alignleft size-medium wp-image-1018\" title=\"DSC_0391-1\" src=\"http:\/\/www.sindsaudeba.org.br\/novo\/wp-content\/uploads\/2013\/04\/DSC_0391-1-300x186.jpg\" alt=\"\" width=\"300\" height=\"186\" \/><\/a>Um dia de mobiliza\u00e7\u00e3o marcou as comemora\u00e7\u00f5es antecipadas pelo Dia Mundial da Sa\u00fade, no Hospital Geral Cl\u00e9riston Andrade (HGCA), em Feira de Santana na \u00faltima quinta-feira (4). Durante todo o dia, servidores da unidade e o Sindsa\u00fade-Ba realizaram uma s\u00e9rie de atividades com o objetivo de dar continuidade \u00e0 luta contra a privatiza\u00e7\u00e3o do hospital e em defesa do Sistema \u00danico de Sa\u00fade (SUS).<br \/>\nDurante a mobiliza\u00e7\u00e3o, os servidores realizaram uma mostra das atividades realizadas pelos profissionais do HGCA e mini-palestra sobre a valoriza\u00e7\u00e3o do SUS. Tamb\u00e9m foram distribu\u00eddas uma carta aberta \u00e0 popula\u00e7\u00e3o em rep\u00fadio \u00e0 terceiriza\u00e7\u00e3o dos hospitais p\u00fablicos, e panfletos informativos sobre dengue, tuberculose e HIV\/Aids, incentivo ao aleitamento materno e doa\u00e7\u00e3o de sangue. Um abaixo-assinado contra a terceiriza\u00e7\u00e3o do HGCA ser\u00e1 repassado entre os usu\u00e1rios do hospital. O documento ser\u00e1 entregue ao Ministro da Sa\u00fade, Alexandre Padilha.<\/p>\n","protected":false},"excerpt":{"rendered":"<p>Um dia de mobiliza\u00e7\u00e3o marcou as comemora\u00e7\u00f5es antecipadas pelo Dia Mundial da Sa\u00fade, no Hospital Geral Cl\u00e9riston Andrade (HGCA), em Feira de Santana na \u00faltima quinta-feira (4). Durante todo o dia, servidores da unidade e o Sindsa\u00fade-Ba realizaram uma s\u00e9rie de atividades com o objetivo&#8230;<\/p>\n","protected":false},"author":2,"featured_media":1017,"comment_status":"open","ping_status":"open","sticky":false,"template":"","format":"standard","meta":[],"categories":[8],"tags":[],"amp_validity":null,"amp_enabled":true,"_links":{"self":[{"href":"https:\/\/sindsaudeba.org.br\/portal\/wp-json\/wp\/v2\/posts\/1016"}],"collection":[{"href":"https:\/\/sindsaudeba.org.br\/portal\/wp-json\/wp\/v2\/posts"}],"about":[{"href":"https:\/\/sindsaudeba.org.br\/portal\/wp-json\/wp\/v2\/types\/post"}],"author":[{"embeddable":true,"href":"https:\/\/sindsaudeba.org.br\/portal\/wp-json\/wp\/v2\/users\/2"}],"replies":[{"embeddable":true,"href":"https:\/\/sindsaudeba.org.br\/portal\/wp-json\/wp\/v2\/comments?post=1016"}],"version-history":[{"count":1,"href":"https:\/\/sindsaudeba.org.br\/portal\/wp-json\/wp\/v2\/posts\/1016\/revisions"}],"predecessor-version":[{"id":14553,"href":"https:\/\/sindsaudeba.org.br\/portal\/wp-json\/wp\/v2\/posts\/1016\/revisions\/14553"}],"wp:featuredmedia":[{"embeddable":true,"href":"https:\/\/sindsaudeba.org.br\/portal\/wp-json\/wp\/v2\/media\/1017"}],"wp:attachment":[{"href":"https:\/\/sindsaudeba.org.br\/portal\/wp-json\/wp\/v2\/media?parent=1016"}],"wp:term":[{"taxonomy":"category","embeddable":true,"href":"https:\/\/sindsaudeba.org.br\/portal\/wp-json\/wp\/v2\/categories?post=1016"},{"taxonomy":"post_tag","embeddable":true,"href":"https:\/\/sindsaudeba.org.br\/portal\/wp-json\/wp\/v2\/tags?post=1016"}],"curies":[{"name":"wp","href":"https:\/\/api.w.org\/{rel}","templated":true}]}}